{"id":37235,"date":"2026-07-09T13:43:48","date_gmt":"2026-07-09T11:43:48","guid":{"rendered":"https:\/\/rings4wings.com\/?p=37235"},"modified":"2026-07-09T13:47:45","modified_gmt":"2026-07-09T11:47:45","slug":"nyari-szunet-julius-20-tol-31-ig-es-augusztus-17-tol-21-ig","status":"publish","type":"post","link":"https:\/\/rings4wings.com\/hu\/nyari-szunet-julius-20-tol-31-ig-es-augusztus-17-tol-21-ig\/","title":{"rendered":"Ny\u00e1ri sz\u00fcnet j\u00falius 20-t\u00f3l 31-ig \u00e9s augusztus 17-t\u0151l 21-ig"},"content":{"rendered":"<p>Tisztelt \u00dcgyf\u00e9l,<\/p>\n<p>K\u00e9rj\u00fck, vegy\u00e9k figyelembe, hogy a ny\u00e1ri id\u0151szakban j\u00falius 20-t\u00f3l 31-ig, valamint augusztus 17-t\u0151l 21-ig z\u00e1rva tartunk.<br \/>\nEz\u00e9rt k\u00e9rj\u00fck, hogy ezt vegye figyelembe az esetleges megrendel\u00e9sekn\u00e9l, hogy azokat m\u00e9g ki tudjuk sz\u00e1ll\u00edtani.<\/p>\n<p>El\u0151re is k\u00f6sz\u00f6n\u00f6m a meg\u00e9rt\u00e9sedet.<\/p>","protected":false},"excerpt":{"rendered":"<p>Tisztelt \u00dcgyfel\u00fcnk! Felh\u00edvjuk figyelm\u00e9t, hogy a ny\u00e1ri id\u0151szakban j\u00falius 20-t\u00f3l 31-ig, valamint augusztus 17-t\u0151l 21-ig z\u00e1rva tartunk. K\u00e9rj\u00fck, hogy ezt vegye figyelembe az esetleges megrendel\u00e9sekn\u00e9l, hogy azokat m\u00e9g kisz\u00e1ll\u00edthassuk. El\u0151re is k\u00f6sz\u00f6nj\u00fck meg\u00e9rt\u00e9s\u00e9t.<\/p>","protected":false},"author":1,"featured_media":37237,"comment_status":"open","ping_status":"open","sticky":false,"template":"","format":"standard","meta":{"_acf_changed":false,"inline_featured_image":false,"_jetpack_newsletter_access":"","_jetpack_dont_email_post_to_subs":false,"_jetpack_newsletter_tier_id":0,"_jetpack_memberships_contains_paywalled_content":false,"_jetpack_feature_clip_id":0,"_jetpack_memberships_contains_paid_content":false,"footnotes":"","jetpack_post_was_ever_published":false},"categories":[65],"tags":[],"class_list":["post-37235","post","type-post","status-publish","format-standard","has-post-thumbnail","hentry","category-nieuws"],"acf":[],"yoast_head":"<!-- This site is optimized with the Yoast SEO plugin v28.3 - https:\/\/yoast.com\/product\/yoast-seo-wordpress\/ -->\n<title>Zomerverlof van 20 tot 31 juli en van 17 tot 21 augustus - Rings4Wings<\/title>\n<meta name=\"robots\" content=\"index, follow, max-snippet:-1, max-image-preview:large, max-video-preview:-1\" \/>\n<link rel=\"canonical\" href=\"https:\/\/rings4wings.com\/hu\/nyari-szunet-julius-20-tol-31-ig-es-augusztus-17-tol-21-ig\/\" \/>\n<meta property=\"og:locale\" content=\"hu_HU\" \/>\n<meta property=\"og:type\" content=\"article\" \/>\n<meta property=\"og:title\" content=\"Zomerverlof van 20 tot 31 juli en van 17 tot 21 augustus - Rings4Wings\" \/>\n<meta property=\"og:description\" content=\"Geachte klant, Gelieve te noteren dat wij tijdens de zomerperiode gesloten zullen zijn van 20 tot 31 juli en van 17 tot 21 augustus. Daarom vragen wij je hiermee rekening te houden voor eventuele bestellingen zodat wij ze nog kunnen uitleveren. Bij voorbaat dank voor je begrip.\" \/>\n<meta property=\"og:url\" content=\"https:\/\/rings4wings.com\/hu\/nyari-szunet-julius-20-tol-31-ig-es-augusztus-17-tol-21-ig\/\" \/>\n<meta property=\"og:site_name\" content=\"Rings4Wings\" \/>\n<meta property=\"article:published_time\" content=\"2026-07-09T11:43:48+00:00\" \/>\n<meta property=\"article:modified_time\" content=\"2026-07-09T11:47:45+00:00\" \/>\n<meta property=\"og:image\" content=\"https:\/\/rings4wings.com\/wp-content\/uploads\/2026\/07\/ooo-2026.jpg\" \/>\n\t<meta property=\"og:image:width\" content=\"2000\" \/>\n\t<meta property=\"og:image:height\" content=\"1334\" \/>\n\t<meta property=\"og:image:type\" content=\"image\/jpeg\" \/>\n<meta name=\"author\" content=\"admin\" \/>\n<meta name=\"twitter:card\" content=\"summary_large_image\" \/>\n<meta name=\"twitter:label1\" content=\"Szerz\u0151:\" \/>\n\t<meta name=\"twitter:data1\" content=\"admin\" \/>\n<script type=\"application\/ld+json\" class=\"yoast-schema-graph\">{\"@context\":\"https:\\\/\\\/schema.org\",\"@graph\":[{\"@type\":\"Article\",\"@id\":\"https:\\\/\\\/rings4wings.com\\\/zomerverlof-van-20-tot-31-juli-en-van-17-tot-21-augustus\\\/#article\",\"isPartOf\":{\"@id\":\"https:\\\/\\\/rings4wings.com\\\/zomerverlof-van-20-tot-31-juli-en-van-17-tot-21-augustus\\\/\"},\"author\":{\"name\":\"admin\",\"@id\":\"https:\\\/\\\/rings4wings.com\\\/nl\\\/#\\\/schema\\\/person\\\/f3b8949eb7d48e10719f077034a5c682\"},\"headline\":\"Zomerverlof van 20 tot 31 juli en van 17 tot 21 augustus\",\"datePublished\":\"2026-07-09T11:43:48+00:00\",\"dateModified\":\"2026-07-09T11:47:45+00:00\",\"mainEntityOfPage\":{\"@id\":\"https:\\\/\\\/rings4wings.com\\\/zomerverlof-van-20-tot-31-juli-en-van-17-tot-21-augustus\\\/\"},\"wordCount\":51,\"commentCount\":0,\"image\":{\"@id\":\"https:\\\/\\\/rings4wings.com\\\/zomerverlof-van-20-tot-31-juli-en-van-17-tot-21-augustus\\\/#primaryimage\"},\"thumbnailUrl\":\"https:\\\/\\\/rings4wings.com\\\/wp-content\\\/uploads\\\/2026\\\/07\\\/ooo-2026.jpg\",\"articleSection\":[\"Nieuws\"],\"inLanguage\":\"hu\",\"potentialAction\":[{\"@type\":\"CommentAction\",\"name\":\"Comment\",\"target\":[\"https:\\\/\\\/rings4wings.com\\\/zomerverlof-van-20-tot-31-juli-en-van-17-tot-21-augustus\\\/#respond\"]}]},{\"@type\":\"WebPage\",\"@id\":\"https:\\\/\\\/rings4wings.com\\\/zomerverlof-van-20-tot-31-juli-en-van-17-tot-21-augustus\\\/\",\"url\":\"https:\\\/\\\/rings4wings.com\\\/zomerverlof-van-20-tot-31-juli-en-van-17-tot-21-augustus\\\/\",\"name\":\"Zomerverlof van 20 tot 31 juli en van 17 tot 21 augustus - Rings4Wings\",\"isPartOf\":{\"@id\":\"https:\\\/\\\/rings4wings.com\\\/nl\\\/#website\"},\"primaryImageOfPage\":{\"@id\":\"https:\\\/\\\/rings4wings.com\\\/zomerverlof-van-20-tot-31-juli-en-van-17-tot-21-augustus\\\/#primaryimage\"},\"image\":{\"@id\":\"https:\\\/\\\/rings4wings.com\\\/zomerverlof-van-20-tot-31-juli-en-van-17-tot-21-augustus\\\/#primaryimage\"},\"thumbnailUrl\":\"https:\\\/\\\/rings4wings.com\\\/wp-content\\\/uploads\\\/2026\\\/07\\\/ooo-2026.jpg\",\"datePublished\":\"2026-07-09T11:43:48+00:00\",\"dateModified\":\"2026-07-09T11:47:45+00:00\",\"author\":{\"@id\":\"https:\\\/\\\/rings4wings.com\\\/nl\\\/#\\\/schema\\\/person\\\/f3b8949eb7d48e10719f077034a5c682\"},\"breadcrumb\":{\"@id\":\"https:\\\/\\\/rings4wings.com\\\/zomerverlof-van-20-tot-31-juli-en-van-17-tot-21-augustus\\\/#breadcrumb\"},\"inLanguage\":\"hu\",\"potentialAction\":[{\"@type\":\"ReadAction\",\"target\":[\"https:\\\/\\\/rings4wings.com\\\/zomerverlof-van-20-tot-31-juli-en-van-17-tot-21-augustus\\\/\"]}]},{\"@type\":\"ImageObject\",\"inLanguage\":\"hu\",\"@id\":\"https:\\\/\\\/rings4wings.com\\\/zomerverlof-van-20-tot-31-juli-en-van-17-tot-21-augustus\\\/#primaryimage\",\"url\":\"https:\\\/\\\/rings4wings.com\\\/wp-content\\\/uploads\\\/2026\\\/07\\\/ooo-2026.jpg\",\"contentUrl\":\"https:\\\/\\\/rings4wings.com\\\/wp-content\\\/uploads\\\/2026\\\/07\\\/ooo-2026.jpg\",\"width\":2000,\"height\":1334},{\"@type\":\"BreadcrumbList\",\"@id\":\"https:\\\/\\\/rings4wings.com\\\/zomerverlof-van-20-tot-31-juli-en-van-17-tot-21-augustus\\\/#breadcrumb\",\"itemListElement\":[{\"@type\":\"ListItem\",\"position\":1,\"name\":\"Home\",\"item\":\"https:\\\/\\\/rings4wings.com\\\/\"},{\"@type\":\"ListItem\",\"position\":2,\"name\":\"Nieuws\",\"item\":\"https:\\\/\\\/rings4wings.com\\\/nl\\\/category\\\/nieuws\\\/\"},{\"@type\":\"ListItem\",\"position\":3,\"name\":\"Zomerverlof van 20 tot 31 juli en van 17 tot 21 augustus\"}]},{\"@type\":\"WebSite\",\"@id\":\"https:\\\/\\\/rings4wings.com\\\/nl\\\/#website\",\"url\":\"https:\\\/\\\/rings4wings.com\\\/nl\\\/\",\"name\":\"Rings4Wings\",\"description\":\"\",\"potentialAction\":[{\"@type\":\"SearchAction\",\"target\":{\"@type\":\"EntryPoint\",\"urlTemplate\":\"https:\\\/\\\/rings4wings.com\\\/nl\\\/?s={search_term_string}\"},\"query-input\":{\"@type\":\"PropertyValueSpecification\",\"valueRequired\":true,\"valueName\":\"search_term_string\"}}],\"inLanguage\":\"hu\"},{\"@type\":\"Person\",\"@id\":\"https:\\\/\\\/rings4wings.com\\\/nl\\\/#\\\/schema\\\/person\\\/f3b8949eb7d48e10719f077034a5c682\",\"name\":\"admin\",\"image\":{\"@type\":\"ImageObject\",\"inLanguage\":\"hu\",\"@id\":\"https:\\\/\\\/secure.gravatar.com\\\/avatar\\\/6d6aa058bc72bfa3967d6b082e84686fd8b2bd10078565e6ef9dea8cd777a077?s=96&d=mm&r=g\",\"url\":\"https:\\\/\\\/secure.gravatar.com\\\/avatar\\\/6d6aa058bc72bfa3967d6b082e84686fd8b2bd10078565e6ef9dea8cd777a077?s=96&d=mm&r=g\",\"contentUrl\":\"https:\\\/\\\/secure.gravatar.com\\\/avatar\\\/6d6aa058bc72bfa3967d6b082e84686fd8b2bd10078565e6ef9dea8cd777a077?s=96&d=mm&r=g\",\"caption\":\"admin\"},\"sameAs\":[\"https:\\\/\\\/rings4wings.com\"],\"url\":\"https:\\\/\\\/rings4wings.com\\\/hu\\\/author\\\/muskedeer\\\/\"}]}<\/script>\n<!-- \/ Yoast SEO plugin. -->","yoast_head_json":{"title":"Ny\u00e1ri sz\u00fcnet j\u00falius 20-t\u00f3l 31-ig \u00e9s augusztus 17-t\u0151l 21-ig \u2013 Rings4Wings","robots":{"index":"index","follow":"follow","max-snippet":"max-snippet:-1","max-image-preview":"max-image-preview:large","max-video-preview":"max-video-preview:-1"},"canonical":"https:\/\/rings4wings.com\/hu\/nyari-szunet-julius-20-tol-31-ig-es-augusztus-17-tol-21-ig\/","og_locale":"hu_HU","og_type":"article","og_title":"Zomerverlof van 20 tot 31 juli en van 17 tot 21 augustus - Rings4Wings","og_description":"Geachte klant, Gelieve te noteren dat wij tijdens de zomerperiode gesloten zullen zijn van 20 tot 31 juli en van 17 tot 21 augustus. Daarom vragen wij je hiermee rekening te houden voor eventuele bestellingen zodat wij ze nog kunnen uitleveren. Bij voorbaat dank voor je begrip.","og_url":"https:\/\/rings4wings.com\/hu\/nyari-szunet-julius-20-tol-31-ig-es-augusztus-17-tol-21-ig\/","og_site_name":"Rings4Wings","article_published_time":"2026-07-09T11:43:48+00:00","article_modified_time":"2026-07-09T11:47:45+00:00","og_image":[{"width":2000,"height":1334,"url":"https:\/\/rings4wings.com\/wp-content\/uploads\/2026\/07\/ooo-2026.jpg","type":"image\/jpeg"}],"author":"admin","twitter_card":"summary_large_image","twitter_misc":{"Szerz\u0151:":"admin"},"schema":{"@context":"https:\/\/schema.org","@graph":[{"@type":"Article","@id":"https:\/\/rings4wings.com\/zomerverlof-van-20-tot-31-juli-en-van-17-tot-21-augustus\/#article","isPartOf":{"@id":"https:\/\/rings4wings.com\/zomerverlof-van-20-tot-31-juli-en-van-17-tot-21-augustus\/"},"author":{"name":"admin","@id":"https:\/\/rings4wings.com\/nl\/#\/schema\/person\/f3b8949eb7d48e10719f077034a5c682"},"headline":"Zomerverlof van 20 tot 31 juli en van 17 tot 21 augustus","datePublished":"2026-07-09T11:43:48+00:00","dateModified":"2026-07-09T11:47:45+00:00","mainEntityOfPage":{"@id":"https:\/\/rings4wings.com\/zomerverlof-van-20-tot-31-juli-en-van-17-tot-21-augustus\/"},"wordCount":51,"commentCount":0,"image":{"@id":"https:\/\/rings4wings.com\/zomerverlof-van-20-tot-31-juli-en-van-17-tot-21-augustus\/#primaryimage"},"thumbnailUrl":"https:\/\/rings4wings.com\/wp-content\/uploads\/2026\/07\/ooo-2026.jpg","articleSection":["Nieuws"],"inLanguage":"hu","potentialAction":[{"@type":"CommentAction","name":"Comment","target":["https:\/\/rings4wings.com\/zomerverlof-van-20-tot-31-juli-en-van-17-tot-21-augustus\/#respond"]}]},{"@type":"WebPage","@id":"https:\/\/rings4wings.com\/zomerverlof-van-20-tot-31-juli-en-van-17-tot-21-augustus\/","url":"https:\/\/rings4wings.com\/zomerverlof-van-20-tot-31-juli-en-van-17-tot-21-augustus\/","name":"Ny\u00e1ri sz\u00fcnet j\u00falius 20-t\u00f3l 31-ig \u00e9s augusztus 17-t\u0151l 21-ig \u2013 Rings4Wings","isPartOf":{"@id":"https:\/\/rings4wings.com\/nl\/#website"},"primaryImageOfPage":{"@id":"https:\/\/rings4wings.com\/zomerverlof-van-20-tot-31-juli-en-van-17-tot-21-augustus\/#primaryimage"},"image":{"@id":"https:\/\/rings4wings.com\/zomerverlof-van-20-tot-31-juli-en-van-17-tot-21-augustus\/#primaryimage"},"thumbnailUrl":"https:\/\/rings4wings.com\/wp-content\/uploads\/2026\/07\/ooo-2026.jpg","datePublished":"2026-07-09T11:43:48+00:00","dateModified":"2026-07-09T11:47:45+00:00","author":{"@id":"https:\/\/rings4wings.com\/nl\/#\/schema\/person\/f3b8949eb7d48e10719f077034a5c682"},"breadcrumb":{"@id":"https:\/\/rings4wings.com\/zomerverlof-van-20-tot-31-juli-en-van-17-tot-21-augustus\/#breadcrumb"},"inLanguage":"hu","potentialAction":[{"@type":"ReadAction","target":["https:\/\/rings4wings.com\/zomerverlof-van-20-tot-31-juli-en-van-17-tot-21-augustus\/"]}]},{"@type":"ImageObject","inLanguage":"hu","@id":"https:\/\/rings4wings.com\/zomerverlof-van-20-tot-31-juli-en-van-17-tot-21-augustus\/#primaryimage","url":"https:\/\/rings4wings.com\/wp-content\/uploads\/2026\/07\/ooo-2026.jpg","contentUrl":"https:\/\/rings4wings.com\/wp-content\/uploads\/2026\/07\/ooo-2026.jpg","width":2000,"height":1334},{"@type":"BreadcrumbList","@id":"https:\/\/rings4wings.com\/zomerverlof-van-20-tot-31-juli-en-van-17-tot-21-augustus\/#breadcrumb","itemListElement":[{"@type":"ListItem","position":1,"name":"Home","item":"https:\/\/rings4wings.com\/"},{"@type":"ListItem","position":2,"name":"Nieuws","item":"https:\/\/rings4wings.com\/nl\/category\/nieuws\/"},{"@type":"ListItem","position":3,"name":"Zomerverlof van 20 tot 31 juli en van 17 tot 21 augustus"}]},{"@type":"WebSite","@id":"https:\/\/rings4wings.com\/nl\/#website","url":"https:\/\/rings4wings.com\/nl\/","name":"Rings4Wings","description":"","potentialAction":[{"@type":"SearchAction","target":{"@type":"EntryPoint","urlTemplate":"https:\/\/rings4wings.com\/nl\/?s={search_term_string}"},"query-input":{"@type":"PropertyValueSpecification","valueRequired":true,"valueName":"search_term_string"}}],"inLanguage":"hu"},{"@type":"Person","@id":"https:\/\/rings4wings.com\/nl\/#\/schema\/person\/f3b8949eb7d48e10719f077034a5c682","name":"admin","image":{"@type":"ImageObject","inLanguage":"hu","@id":"https:\/\/secure.gravatar.com\/avatar\/6d6aa058bc72bfa3967d6b082e84686fd8b2bd10078565e6ef9dea8cd777a077?s=96&d=mm&r=g","url":"https:\/\/secure.gravatar.com\/avatar\/6d6aa058bc72bfa3967d6b082e84686fd8b2bd10078565e6ef9dea8cd777a077?s=96&d=mm&r=g","contentUrl":"https:\/\/secure.gravatar.com\/avatar\/6d6aa058bc72bfa3967d6b082e84686fd8b2bd10078565e6ef9dea8cd777a077?s=96&d=mm&r=g","caption":"admin"},"sameAs":["https:\/\/rings4wings.com"],"url":"https:\/\/rings4wings.com\/hu\/author\/muskedeer\/"}]}},"jetpack_sharing_enabled":true,"jetpack_featured_media_url":"https:\/\/rings4wings.com\/wp-content\/uploads\/2026\/07\/ooo-2026.jpg","_links":{"self":[{"href":"https:\/\/rings4wings.com\/hu\/wp-json\/wp\/v2\/posts\/37235","targetHints":{"allow":["GET"]}}],"collection":[{"href":"https:\/\/rings4wings.com\/hu\/wp-json\/wp\/v2\/posts"}],"about":[{"href":"https:\/\/rings4wings.com\/hu\/wp-json\/wp\/v2\/types\/post"}],"author":[{"embeddable":true,"href":"https:\/\/rings4wings.com\/hu\/wp-json\/wp\/v2\/users\/1"}],"replies":[{"embeddable":true,"href":"https:\/\/rings4wings.com\/hu\/wp-json\/wp\/v2\/comments?post=37235"}],"version-history":[{"count":1,"href":"https:\/\/rings4wings.com\/hu\/wp-json\/wp\/v2\/posts\/37235\/revisions"}],"predecessor-version":[{"id":37236,"href":"https:\/\/rings4wings.com\/hu\/wp-json\/wp\/v2\/posts\/37235\/revisions\/37236"}],"wp:featuredmedia":[{"embeddable":true,"href":"https:\/\/rings4wings.com\/hu\/wp-json\/wp\/v2\/media\/37237"}],"wp:attachment":[{"href":"https:\/\/rings4wings.com\/hu\/wp-json\/wp\/v2\/media?parent=37235"}],"wp:term":[{"taxonomy":"category","embeddable":true,"href":"https:\/\/rings4wings.com\/hu\/wp-json\/wp\/v2\/categories?post=37235"},{"taxonomy":"post_tag","embeddable":true,"href":"https:\/\/rings4wings.com\/hu\/wp-json\/wp\/v2\/tags?post=37235"}],"curies":[{"name":"wp","href":"https:\/\/api.w.org\/{rel}","templated":true}]}}