{"id":17935,"date":"2025-07-14T14:31:37","date_gmt":"2025-07-14T12:31:37","guid":{"rendered":"https:\/\/rings4wings.com\/?p=17935"},"modified":"2025-07-14T14:32:47","modified_gmt":"2025-07-14T12:32:47","slug":"nyari-szunet-julius-17-tol-27-ig","status":"publish","type":"post","link":"https:\/\/rings4wings.com\/hu\/nyari-szunet-julius-17-tol-27-ig\/","title":{"rendered":"Ny\u00e1ri sz\u00fcnet j\u00falius 17-t\u0151l 27-ig"},"content":{"rendered":"<p>Kedves mad\u00e1rbar\u00e1t! K\u00f6sz\u00f6nj\u00fck, hogy megl\u00e1togatta web\u00e1ruh\u00e1zunkat.<\/p>\n<p>Ny\u00e1ri sz\u00fcnet\u00fcnk alatt szeretn\u00e9nk t\u00e1j\u00e9koztatni \u00d6n\u00f6ket, hogy a megrendel\u00e9sek kisz\u00e1ll\u00edt\u00e1s\u00e1ban esetleg n\u00e9mi k\u00e9sedelem l\u00e9phet fel.<br \/>\n<strong>J\u00falius 17-t\u0151l 27-ig sz\u00fcnetet tartunk. J\u00falius 28-t\u00f3l \u00fajra elkezdj\u00fck kisz\u00e1ll\u00edtani az ebben az id\u0151szakban leadott megrendel\u00e9seket.<\/strong>. K\u00f6sz\u00f6nj\u00fck a meg\u00e9rt\u00e9s\u00fcket.<\/p>\n<p>A Rings4Wings csapata m\u00e1r most kellemes nyarat k\u00edv\u00e1n \u00d6nnek!<\/p>","protected":false},"excerpt":{"rendered":"<p>Beste vogelliefhebber. Bedankt voor je bezoek aan onze webshop. Tijdens ons zomerverlof willen wij u laten weten dat er mogelijk wat vertraging is in het versturen van je bestelling. Wij gaan er even tussenuit van 17 tot 27 juli. Vanaf 28 juli zullen we de orders die in deze periode zijn geplaatst terug beginnen te [&hellip;]<\/p>\n","protected":false},"author":1,"featured_media":12275,"comment_status":"open","ping_status":"open","sticky":false,"template":"","format":"standard","meta":{"_acf_changed":false,"inline_featured_image":false,"_jetpack_newsletter_access":"","_jetpack_dont_email_post_to_subs":false,"_jetpack_newsletter_tier_id":0,"_jetpack_memberships_contains_paywalled_content":false,"_jetpack_feature_clip_id":0,"_jetpack_memberships_contains_paid_content":false,"footnotes":"","jetpack_post_was_ever_published":false},"categories":[65],"tags":[],"class_list":["post-17935","post","type-post","status-publish","format-standard","has-post-thumbnail","hentry","category-nieuws"],"acf":[],"yoast_head":"<!-- This site is optimized with the Yoast SEO plugin v28.3 - https:\/\/yoast.com\/product\/yoast-seo-wordpress\/ -->\n<title>Zomerverlof van 17 tot 27 juli - Rings4Wings<\/title>\n<meta name=\"robots\" content=\"index, follow, max-snippet:-1, max-image-preview:large, max-video-preview:-1\" \/>\n<link rel=\"canonical\" href=\"https:\/\/rings4wings.com\/hu\/nyari-szunet-julius-17-tol-27-ig\/\" \/>\n<meta property=\"og:locale\" content=\"hu_HU\" \/>\n<meta property=\"og:type\" content=\"article\" \/>\n<meta property=\"og:title\" content=\"Zomerverlof van 17 tot 27 juli - Rings4Wings\" \/>\n<meta property=\"og:description\" content=\"Beste vogelliefhebber. Bedankt voor je bezoek aan onze webshop. Tijdens ons zomerverlof willen wij u laten weten dat er mogelijk wat vertraging is in het versturen van je bestelling. Wij gaan er even tussenuit van 17 tot 27 juli. Vanaf 28 juli zullen we de orders die in deze periode zijn geplaatst terug beginnen te [&hellip;]\" \/>\n<meta property=\"og:url\" content=\"https:\/\/rings4wings.com\/hu\/nyari-szunet-julius-17-tol-27-ig\/\" \/>\n<meta property=\"og:site_name\" content=\"Rings4Wings\" \/>\n<meta property=\"article:published_time\" content=\"2025-07-14T12:31:37+00:00\" \/>\n<meta property=\"article:modified_time\" content=\"2025-07-14T12:32:47+00:00\" \/>\n<meta property=\"og:image\" content=\"https:\/\/rings4wings.com\/wp-content\/uploads\/2024\/11\/mockup-r4w-1024x768.png\" \/>\n\t<meta property=\"og:image:width\" content=\"1024\" \/>\n\t<meta property=\"og:image:height\" content=\"768\" \/>\n\t<meta property=\"og:image:type\" content=\"image\/png\" \/>\n<meta name=\"author\" content=\"admin\" \/>\n<meta name=\"twitter:card\" content=\"summary_large_image\" \/>\n<meta name=\"twitter:label1\" content=\"Szerz\u0151:\" \/>\n\t<meta name=\"twitter:data1\" content=\"admin\" \/>\n<script type=\"application\/ld+json\" class=\"yoast-schema-graph\">{\"@context\":\"https:\\\/\\\/schema.org\",\"@graph\":[{\"@type\":\"Article\",\"@id\":\"https:\\\/\\\/rings4wings.com\\\/en\\\/summer-leave-from-july-17-to-27\\\/#article\",\"isPartOf\":{\"@id\":\"https:\\\/\\\/rings4wings.com\\\/en\\\/summer-leave-from-july-17-to-27\\\/\"},\"author\":{\"name\":\"admin\",\"@id\":\"https:\\\/\\\/rings4wings.com\\\/nl\\\/#\\\/schema\\\/person\\\/f3b8949eb7d48e10719f077034a5c682\"},\"headline\":\"Zomerverlof van 17 tot 27 juli\",\"datePublished\":\"2025-07-14T12:31:37+00:00\",\"dateModified\":\"2025-07-14T12:32:47+00:00\",\"mainEntityOfPage\":{\"@id\":\"https:\\\/\\\/rings4wings.com\\\/en\\\/summer-leave-from-july-17-to-27\\\/\"},\"wordCount\":71,\"commentCount\":0,\"image\":{\"@id\":\"https:\\\/\\\/rings4wings.com\\\/en\\\/summer-leave-from-july-17-to-27\\\/#primaryimage\"},\"thumbnailUrl\":\"https:\\\/\\\/rings4wings.com\\\/wp-content\\\/uploads\\\/2024\\\/11\\\/mockup-r4w.png\",\"articleSection\":[\"Nieuws\"],\"inLanguage\":\"hu\",\"potentialAction\":[{\"@type\":\"CommentAction\",\"name\":\"Comment\",\"target\":[\"https:\\\/\\\/rings4wings.com\\\/en\\\/summer-leave-from-july-17-to-27\\\/#respond\"]}]},{\"@type\":\"WebPage\",\"@id\":\"https:\\\/\\\/rings4wings.com\\\/en\\\/summer-leave-from-july-17-to-27\\\/\",\"url\":\"https:\\\/\\\/rings4wings.com\\\/en\\\/summer-leave-from-july-17-to-27\\\/\",\"name\":\"Zomerverlof van 17 tot 27 juli - Rings4Wings\",\"isPartOf\":{\"@id\":\"https:\\\/\\\/rings4wings.com\\\/nl\\\/#website\"},\"primaryImageOfPage\":{\"@id\":\"https:\\\/\\\/rings4wings.com\\\/en\\\/summer-leave-from-july-17-to-27\\\/#primaryimage\"},\"image\":{\"@id\":\"https:\\\/\\\/rings4wings.com\\\/en\\\/summer-leave-from-july-17-to-27\\\/#primaryimage\"},\"thumbnailUrl\":\"https:\\\/\\\/rings4wings.com\\\/wp-content\\\/uploads\\\/2024\\\/11\\\/mockup-r4w.png\",\"datePublished\":\"2025-07-14T12:31:37+00:00\",\"dateModified\":\"2025-07-14T12:32:47+00:00\",\"author\":{\"@id\":\"https:\\\/\\\/rings4wings.com\\\/nl\\\/#\\\/schema\\\/person\\\/f3b8949eb7d48e10719f077034a5c682\"},\"breadcrumb\":{\"@id\":\"https:\\\/\\\/rings4wings.com\\\/en\\\/summer-leave-from-july-17-to-27\\\/#breadcrumb\"},\"inLanguage\":\"hu\",\"potentialAction\":[{\"@type\":\"ReadAction\",\"target\":[\"https:\\\/\\\/rings4wings.com\\\/en\\\/summer-leave-from-july-17-to-27\\\/\"]}]},{\"@type\":\"ImageObject\",\"inLanguage\":\"hu\",\"@id\":\"https:\\\/\\\/rings4wings.com\\\/en\\\/summer-leave-from-july-17-to-27\\\/#primaryimage\",\"url\":\"https:\\\/\\\/rings4wings.com\\\/wp-content\\\/uploads\\\/2024\\\/11\\\/mockup-r4w.png\",\"contentUrl\":\"https:\\\/\\\/rings4wings.com\\\/wp-content\\\/uploads\\\/2024\\\/11\\\/mockup-r4w.png\",\"width\":2560,\"height\":1920},{\"@type\":\"BreadcrumbList\",\"@id\":\"https:\\\/\\\/rings4wings.com\\\/en\\\/summer-leave-from-july-17-to-27\\\/#breadcrumb\",\"itemListElement\":[{\"@type\":\"ListItem\",\"position\":1,\"name\":\"Home\",\"item\":\"https:\\\/\\\/rings4wings.com\\\/\"},{\"@type\":\"ListItem\",\"position\":2,\"name\":\"Nieuws\",\"item\":\"https:\\\/\\\/rings4wings.com\\\/nl\\\/category\\\/nieuws\\\/\"},{\"@type\":\"ListItem\",\"position\":3,\"name\":\"Zomerverlof van 17 tot 27 juli\"}]},{\"@type\":\"WebSite\",\"@id\":\"https:\\\/\\\/rings4wings.com\\\/nl\\\/#website\",\"url\":\"https:\\\/\\\/rings4wings.com\\\/nl\\\/\",\"name\":\"Rings4Wings\",\"description\":\"\",\"potentialAction\":[{\"@type\":\"SearchAction\",\"target\":{\"@type\":\"EntryPoint\",\"urlTemplate\":\"https:\\\/\\\/rings4wings.com\\\/nl\\\/?s={search_term_string}\"},\"query-input\":{\"@type\":\"PropertyValueSpecification\",\"valueRequired\":true,\"valueName\":\"search_term_string\"}}],\"inLanguage\":\"hu\"},{\"@type\":\"Person\",\"@id\":\"https:\\\/\\\/rings4wings.com\\\/nl\\\/#\\\/schema\\\/person\\\/f3b8949eb7d48e10719f077034a5c682\",\"name\":\"admin\",\"image\":{\"@type\":\"ImageObject\",\"inLanguage\":\"hu\",\"@id\":\"https:\\\/\\\/secure.gravatar.com\\\/avatar\\\/6d6aa058bc72bfa3967d6b082e84686fd8b2bd10078565e6ef9dea8cd777a077?s=96&d=mm&r=g\",\"url\":\"https:\\\/\\\/secure.gravatar.com\\\/avatar\\\/6d6aa058bc72bfa3967d6b082e84686fd8b2bd10078565e6ef9dea8cd777a077?s=96&d=mm&r=g\",\"contentUrl\":\"https:\\\/\\\/secure.gravatar.com\\\/avatar\\\/6d6aa058bc72bfa3967d6b082e84686fd8b2bd10078565e6ef9dea8cd777a077?s=96&d=mm&r=g\",\"caption\":\"admin\"},\"sameAs\":[\"https:\\\/\\\/rings4wings.com\"],\"url\":\"https:\\\/\\\/rings4wings.com\\\/hu\\\/author\\\/muskedeer\\\/\"}]}<\/script>\n<!-- \/ Yoast SEO plugin. -->","yoast_head_json":{"title":"Ny\u00e1ri sz\u00fcnet j\u00falius 17-t\u0151l 27-ig \u2013 Rings4Wings","robots":{"index":"index","follow":"follow","max-snippet":"max-snippet:-1","max-image-preview":"max-image-preview:large","max-video-preview":"max-video-preview:-1"},"canonical":"https:\/\/rings4wings.com\/hu\/nyari-szunet-julius-17-tol-27-ig\/","og_locale":"hu_HU","og_type":"article","og_title":"Zomerverlof van 17 tot 27 juli - Rings4Wings","og_description":"Beste vogelliefhebber. Bedankt voor je bezoek aan onze webshop. Tijdens ons zomerverlof willen wij u laten weten dat er mogelijk wat vertraging is in het versturen van je bestelling. Wij gaan er even tussenuit van 17 tot 27 juli. Vanaf 28 juli zullen we de orders die in deze periode zijn geplaatst terug beginnen te [&hellip;]","og_url":"https:\/\/rings4wings.com\/hu\/nyari-szunet-julius-17-tol-27-ig\/","og_site_name":"Rings4Wings","article_published_time":"2025-07-14T12:31:37+00:00","article_modified_time":"2025-07-14T12:32:47+00:00","og_image":[{"width":1024,"height":768,"url":"https:\/\/rings4wings.com\/wp-content\/uploads\/2024\/11\/mockup-r4w-1024x768.png","type":"image\/png"}],"author":"admin","twitter_card":"summary_large_image","twitter_misc":{"Szerz\u0151:":"admin"},"schema":{"@context":"https:\/\/schema.org","@graph":[{"@type":"Article","@id":"https:\/\/rings4wings.com\/en\/summer-leave-from-july-17-to-27\/#article","isPartOf":{"@id":"https:\/\/rings4wings.com\/en\/summer-leave-from-july-17-to-27\/"},"author":{"name":"admin","@id":"https:\/\/rings4wings.com\/nl\/#\/schema\/person\/f3b8949eb7d48e10719f077034a5c682"},"headline":"Zomerverlof van 17 tot 27 juli","datePublished":"2025-07-14T12:31:37+00:00","dateModified":"2025-07-14T12:32:47+00:00","mainEntityOfPage":{"@id":"https:\/\/rings4wings.com\/en\/summer-leave-from-july-17-to-27\/"},"wordCount":71,"commentCount":0,"image":{"@id":"https:\/\/rings4wings.com\/en\/summer-leave-from-july-17-to-27\/#primaryimage"},"thumbnailUrl":"https:\/\/rings4wings.com\/wp-content\/uploads\/2024\/11\/mockup-r4w.png","articleSection":["Nieuws"],"inLanguage":"hu","potentialAction":[{"@type":"CommentAction","name":"Comment","target":["https:\/\/rings4wings.com\/en\/summer-leave-from-july-17-to-27\/#respond"]}]},{"@type":"WebPage","@id":"https:\/\/rings4wings.com\/en\/summer-leave-from-july-17-to-27\/","url":"https:\/\/rings4wings.com\/en\/summer-leave-from-july-17-to-27\/","name":"Ny\u00e1ri sz\u00fcnet j\u00falius 17-t\u0151l 27-ig \u2013 Rings4Wings","isPartOf":{"@id":"https:\/\/rings4wings.com\/nl\/#website"},"primaryImageOfPage":{"@id":"https:\/\/rings4wings.com\/en\/summer-leave-from-july-17-to-27\/#primaryimage"},"image":{"@id":"https:\/\/rings4wings.com\/en\/summer-leave-from-july-17-to-27\/#primaryimage"},"thumbnailUrl":"https:\/\/rings4wings.com\/wp-content\/uploads\/2024\/11\/mockup-r4w.png","datePublished":"2025-07-14T12:31:37+00:00","dateModified":"2025-07-14T12:32:47+00:00","author":{"@id":"https:\/\/rings4wings.com\/nl\/#\/schema\/person\/f3b8949eb7d48e10719f077034a5c682"},"breadcrumb":{"@id":"https:\/\/rings4wings.com\/en\/summer-leave-from-july-17-to-27\/#breadcrumb"},"inLanguage":"hu","potentialAction":[{"@type":"ReadAction","target":["https:\/\/rings4wings.com\/en\/summer-leave-from-july-17-to-27\/"]}]},{"@type":"ImageObject","inLanguage":"hu","@id":"https:\/\/rings4wings.com\/en\/summer-leave-from-july-17-to-27\/#primaryimage","url":"https:\/\/rings4wings.com\/wp-content\/uploads\/2024\/11\/mockup-r4w.png","contentUrl":"https:\/\/rings4wings.com\/wp-content\/uploads\/2024\/11\/mockup-r4w.png","width":2560,"height":1920},{"@type":"BreadcrumbList","@id":"https:\/\/rings4wings.com\/en\/summer-leave-from-july-17-to-27\/#breadcrumb","itemListElement":[{"@type":"ListItem","position":1,"name":"Home","item":"https:\/\/rings4wings.com\/"},{"@type":"ListItem","position":2,"name":"Nieuws","item":"https:\/\/rings4wings.com\/nl\/category\/nieuws\/"},{"@type":"ListItem","position":3,"name":"Zomerverlof van 17 tot 27 juli"}]},{"@type":"WebSite","@id":"https:\/\/rings4wings.com\/nl\/#website","url":"https:\/\/rings4wings.com\/nl\/","name":"Rings4Wings","description":"","potentialAction":[{"@type":"SearchAction","target":{"@type":"EntryPoint","urlTemplate":"https:\/\/rings4wings.com\/nl\/?s={search_term_string}"},"query-input":{"@type":"PropertyValueSpecification","valueRequired":true,"valueName":"search_term_string"}}],"inLanguage":"hu"},{"@type":"Person","@id":"https:\/\/rings4wings.com\/nl\/#\/schema\/person\/f3b8949eb7d48e10719f077034a5c682","name":"admin","image":{"@type":"ImageObject","inLanguage":"hu","@id":"https:\/\/secure.gravatar.com\/avatar\/6d6aa058bc72bfa3967d6b082e84686fd8b2bd10078565e6ef9dea8cd777a077?s=96&d=mm&r=g","url":"https:\/\/secure.gravatar.com\/avatar\/6d6aa058bc72bfa3967d6b082e84686fd8b2bd10078565e6ef9dea8cd777a077?s=96&d=mm&r=g","contentUrl":"https:\/\/secure.gravatar.com\/avatar\/6d6aa058bc72bfa3967d6b082e84686fd8b2bd10078565e6ef9dea8cd777a077?s=96&d=mm&r=g","caption":"admin"},"sameAs":["https:\/\/rings4wings.com"],"url":"https:\/\/rings4wings.com\/hu\/author\/muskedeer\/"}]}},"jetpack_sharing_enabled":true,"jetpack_featured_media_url":"https:\/\/rings4wings.com\/wp-content\/uploads\/2024\/11\/mockup-r4w.png","_links":{"self":[{"href":"https:\/\/rings4wings.com\/hu\/wp-json\/wp\/v2\/posts\/17935","targetHints":{"allow":["GET"]}}],"collection":[{"href":"https:\/\/rings4wings.com\/hu\/wp-json\/wp\/v2\/posts"}],"about":[{"href":"https:\/\/rings4wings.com\/hu\/wp-json\/wp\/v2\/types\/post"}],"author":[{"embeddable":true,"href":"https:\/\/rings4wings.com\/hu\/wp-json\/wp\/v2\/users\/1"}],"replies":[{"embeddable":true,"href":"https:\/\/rings4wings.com\/hu\/wp-json\/wp\/v2\/comments?post=17935"}],"version-history":[{"count":1,"href":"https:\/\/rings4wings.com\/hu\/wp-json\/wp\/v2\/posts\/17935\/revisions"}],"predecessor-version":[{"id":17936,"href":"https:\/\/rings4wings.com\/hu\/wp-json\/wp\/v2\/posts\/17935\/revisions\/17936"}],"wp:featuredmedia":[{"embeddable":true,"href":"https:\/\/rings4wings.com\/hu\/wp-json\/wp\/v2\/media\/12275"}],"wp:attachment":[{"href":"https:\/\/rings4wings.com\/hu\/wp-json\/wp\/v2\/media?parent=17935"}],"wp:term":[{"taxonomy":"category","embeddable":true,"href":"https:\/\/rings4wings.com\/hu\/wp-json\/wp\/v2\/categories?post=17935"},{"taxonomy":"post_tag","embeddable":true,"href":"https:\/\/rings4wings.com\/hu\/wp-json\/wp\/v2\/tags?post=17935"}],"curies":[{"name":"wp","href":"https:\/\/api.w.org\/{rel}","templated":true}]}}